{"id":213,"date":"2025-11-03T21:13:23","date_gmt":"2025-11-03T17:43:23","guid":{"rendered":"https:\/\/peyazema.ir\/?p=213"},"modified":"2025-11-07T11:49:15","modified_gmt":"2025-11-07T08:19:15","slug":"betegtortenetek-mirl-szamolnak-be-az-emberek-az-22","status":"publish","type":"post","link":"https:\/\/peyazema.ir\/?p=213","title":{"rendered":"Betegt\u00f6rt\u00e9netek: mir\u0151l sz\u00e1molnak be az emberek az Eliquisr\u0151l"},"content":{"rendered":"<p>Az Eliquis, egy sz\u00e9les k\u00f6rben haszn\u00e1lt v\u00e9ralvad\u00e1sg\u00e1tl\u00f3, sok beteg \u00e9let\u00e9ben kulcsszerepet j\u00e1tszott, \u00e9s betekint\u00e9st ny\u00fajt el\u0151nyeibe \u00e9s kih\u00edv\u00e1saiba a betegek t\u00f6rt\u00e9netein kereszt\u00fcl.<\/p>\n<h2>Az Eliquis \u00e9s felhaszn\u00e1l\u00e1si ter\u00fcleteinek megismer\u00e9se<\/h2>\n<p>Az Eliquis, m\u00e1s n\u00e9ven apixaban, els\u0151sorban v\u00e9ralvad\u00e1sg\u00e1tl\u00f3k\u00e9nt \u00edrj\u00e1k fel a v\u00e9rr\u00f6gk\u00e9pz\u0151d\u00e9s megel\u0151z\u00e9s\u00e9re. Nem sz\u00edvbillenty\u0171-probl\u00e9ma \u00e1ltal okozott pitvarfibrill\u00e1ci\u00f3ban (AF) szenved\u0151 betegekn\u00e9l, valamint m\u00e9lyv\u00e9n\u00e1s tromb\u00f3zis (DVT) \u00e9s t\u00fcd\u0151emb\u00f3lia (PE) kezel\u00e9s\u00e9re \u00e9s megel\u0151z\u00e9s\u00e9re alkalmazz\u00e1k. A Xa faktor, a v\u00e9ralvad\u00e1si folyamat kulcsszerepl\u0151j\u00e9nek g\u00e1tl\u00e1s\u00e1val az Eliquis cs\u00f6kkenti a stroke \u00e9s a sziszt\u00e9m\u00e1s emb\u00f3lia kock\u00e1zat\u00e1t.<\/p>\n<p>Ez a gy\u00f3gyszer jelent\u0151s el\u0151rel\u00e9p\u00e9st jelentett az antikoagul\u00e1ns ter\u00e1pia ter\u00fclet\u00e9n, alternat\u00edv\u00e1t k\u00edn\u00e1lva a hagyom\u00e1nyos gy\u00f3gyszerekhez, p\u00e9ld\u00e1ul a warfarinhoz. A warfarinnal ellent\u00e9tben az Eliquis nem ig\u00e9nyel rendszeres v\u00e9rvizsg\u00e1latot vagy \u00e9trendi korl\u00e1toz\u00e1sokat, \u00edgy sok beteg sz\u00e1m\u00e1ra k\u00e9nyelmesebb megold\u00e1s. Ezeknek az alapvet\u0151 funkci\u00f3knak a meg\u00e9rt\u00e9se seg\u00edt megalapozni a betegek Eliquis-szal kapcsolatos tapasztalatainak felt\u00e1r\u00e1s\u00e1t.<\/p>\n<h2>Pozit\u00edv tapasztalatok az Eliquis-szel<\/h2>\n<p>Sok beteg pozit\u00edv eredm\u00e9nyekr\u0151l sz\u00e1molt be az Eliquis szed\u00e9se sor\u00e1n, k\u00fcl\u00f6n\u00f6sen kiemelve a k\u00f6nny\u0171 haszn\u00e1lhat\u00f3s\u00e1got a r\u00e9gebbi v\u00e9ralvad\u00e1sg\u00e1tl\u00f3khoz k\u00e9pest. A betegek t\u00f6rt\u00e9neteinek egyik gyakori t\u00e9m\u00e1ja a warfarin \u00e1ltal megk\u00f6vetelt rendszeres INR-ellen\u0151rz\u00e9s neh\u00e9zkes rutinj\u00e1nak megk\u00f6nnyebb\u00fcl\u00e9se. A betegek nagyra \u00e9rt\u00e9kelik azt a szabads\u00e1got, hogy \u00e1lland\u00f3bb \u00e9letm\u00f3dot folytathatnak gyakori laborl\u00e1togat\u00e1sok n\u00e9lk\u00fcl.<\/p>\n<p>Ezenk\u00edv\u00fcl n\u00e9h\u00e1ny beteg megosztotta, hogy az Eliquis hat\u00e9konyan kezelte \u00e1llapotukat minim\u00e1lis mell\u00e9khat\u00e1sokkal, lehet\u0151v\u00e9 t\u00e9ve sz\u00e1mukra, hogy akt\u00edvabb \u00e9letet \u00e9ljenek. A fix adagol\u00e1si rend k\u00e9nyelme k\u00fcl\u00f6n\u00f6sen el\u0151ny\u00f6s azok sz\u00e1m\u00e1ra, akiknek elfoglalts\u00e1ga van, vagy korl\u00e1tozott hozz\u00e1f\u00e9r\u00e9s\u00fck van az eg\u00e9szs\u00e9g\u00fcgyi int\u00e9zm\u00e9nyekhez. Az ilyen besz\u00e1mol\u00f3k al\u00e1t\u00e1masztj\u00e1k az Eliquis klinikai hat\u00e9konys\u00e1g\u00e1n t\u00falmutat\u00f3 gyakorlati el\u0151nyeit.<\/p>\n<h2>Az Eliquis mell\u00e9khat\u00e1sainak kezel\u00e9se<\/h2>\n<p>M\u00edg az Eliquis-t \u00e1ltal\u00e1ban j\u00f3l toler\u00e1lj\u00e1k, n\u00e9h\u00e1ny betegn\u00e9l mell\u00e9khat\u00e1sok jelentkeztek, amelyek fontosak a gy\u00f3gyszeres kezel\u00e9s folyamatos betart\u00e1sa \u00e9rdek\u00e9ben. A gyakran jelentett mell\u00e9khat\u00e1sok k\u00f6z\u00e9 tartozik a v\u00e9rz\u00e9s \u00e9s a v\u00e9ral\u00e1fut\u00e1s, ami aggaszt\u00f3 lehet az \u00faj felhaszn\u00e1l\u00f3k sz\u00e1m\u00e1ra. Sok beteg azonban \u00fagy tal\u00e1lja, hogy megfelel\u0151 ir\u00e1ny\u00edt\u00e1ssal \u00e9s megfigyel\u00e9ssel ezek a hat\u00e1sok hat\u00e9konyan kezelhet\u0151k.<\/p>\n<p>A betegek t\u00f6rt\u00e9netei gyakran kiemelik az eg\u00e9szs\u00e9g\u00fcgyi szolg\u00e1ltat\u00f3kkal folytatott ny\u00edlt kommunik\u00e1ci\u00f3 fontoss\u00e1g\u00e1t a k\u00e1ros hat\u00e1sok kezel\u00e9se \u00e9rdek\u00e9ben. Gyakran tan\u00e1csos m\u00f3dos\u00edtani az \u00e9letm\u00f3dban, p\u00e9ld\u00e1ul ker\u00fclni a nagy s\u00e9r\u00fcl\u00e9svesz\u00e9lyt jelent\u0151 tev\u00e9kenys\u00e9geket. A betegek azt is megosztj\u00e1k, hogy a t\u00e1j\u00e9kozotts\u00e1g \u00e9s a test\u00fck reakci\u00f3ira val\u00f3 odafigyel\u00e9s seg\u00edtett nekik jobban kezelni a mell\u00e9khat\u00e1sokat, biztos\u00edtva, hogy az Eliquis el\u0151nyei fel\u00fclm\u00falj\u00e1k a kih\u00edv\u00e1sokat.<\/p>\n<h2>Az Eliquis \u00f6sszehasonl\u00edt\u00e1sa m\u00e1s v\u00e9ralvad\u00e1sg\u00e1tl\u00f3kkal<\/h2>\n<p>Az antikoagul\u00e1ns ter\u00e1pia ter\u00fclet\u00e9n az Eliquis k\u00f6zvetlen hat\u00e1smechanizmus\u00e1val \u00e9s cs\u00f6kkentett monitoroz\u00e1si ig\u00e9ny\u00e9vel t\u0171nik ki. A warfarinhoz k\u00e9pest az Eliquis kisz\u00e1m\u00edthat\u00f3bb farmakol\u00f3giai profilt k\u00edn\u00e1l kevesebb \u00e9tkez\u00e9si k\u00f6lcs\u00f6nhat\u00e1s mellett, ami sok beteg sz\u00e1m\u00e1ra jelent\u0151s el\u0151nyt jelent.<\/p>\n<p>Azok a betegek, akik m\u00e1s antikoagul\u00e1nsokr\u00f3l, p\u00e9ld\u00e1ul dabigatr\u00e1nr\u00f3l vagy rivaroxabanr\u00f3l v\u00e1ltanak \u00e1t, gyakran hivatkoznak az Eliquis z\u00f6kken\u0151mentes haszn\u00e1lat\u00e1ra, k\u00fcl\u00f6n\u00f6sen a gyomor-b\u00e9lrendszeri tolerancia tekintet\u00e9ben. Ezek az \u00f6sszehasonl\u00edt\u00e1sok l\u00e9tfontoss\u00e1g\u00faak annak meg\u00e9rt\u00e9s\u00e9hez, hogy az Eliquis nem csak a hat\u00e9konys\u00e1g, hanem a betegek el\u00e9gedetts\u00e9ge \u00e9s az \u00e9letmin\u0151s\u00e9g javul\u00e1sa tekintet\u00e9ben is.<\/p>\n<h2>A felhaszn\u00e1l\u00f3k hossz\u00fa t\u00e1v\u00fa perspekt\u00edv\u00e1i az Eliquisr\u0151l<\/h2>\n<p>Az Eliquis hossz\u00fa t\u00e1v\u00fa felhaszn\u00e1l\u00f3i \u00e9rt\u00e9kes betekint\u00e9st ny\u00fajtanak az Eliquis tart\u00f3s el\u0151nyeibe \u00e9s kih\u00edv\u00e1saiba. Sokan arr\u00f3l sz\u00e1molnak be, hogy a kezdeti alkalmazkod\u00e1si id\u0151szakot fel\u00fclm\u00falj\u00e1k a gy\u00f3gyszer hossz\u00fa t\u00e1v\u00fa el\u0151nyei, mint p\u00e9ld\u00e1ul a stroke kock\u00e1zat\u00e1nak cs\u00f6kken\u00e9se \u00e9s a jobb nyugalom a v\u00e9rr\u00f6gk\u00e9pz\u0151d\u00e9s megel\u0151z\u00e9s\u00e9ben.<\/p>\n<p>Ezek a betegek gyakran <a href=\"https:\/\/gyors-patika.net\/eliquis-online-veny-nelkul\">Eliquis 2.5mg \u00c1r<\/a> hangs\u00falyozz\u00e1k a rutin \u00e9s az el\u0151\u00edrt kezel\u00e9si rend betart\u00e1s\u00e1nak fontoss\u00e1g\u00e1t, megjegyezve, hogy a k\u00f6vetkezetess\u00e9g kulcsfontoss\u00e1g\u00fa az Eliquis el\u0151nyeinek maximaliz\u00e1l\u00e1s\u00e1hoz. Id\u0151vel m\u00e9lyebben meg\u00e9rtett\u00e9k \u00e1llapotukat, \u00e9s azt, hogy az Eliquis hogyan illeszkedik t\u00e1gabb eg\u00e9szs\u00e9g\u00fcgyi terv\u00fckbe, bizony\u00edtva a gy\u00f3gyszer szerep\u00e9t a hossz\u00fa t\u00e1v\u00fa betegkezel\u00e9sben.<\/p>\n<h2>Eliquis a pitvarfibrill\u00e1ci\u00f3 kezel\u00e9s\u00e9ben<\/h2>\n<p>A pitvarfibrill\u00e1ci\u00f3 az egyik els\u0151dleges \u00e1llapot, amelyre az Eliquist fel\u00edrj\u00e1k. Az AF-ben szenved\u0151 betegek gyakran megk\u00f6nnyebb\u00fcl\u00e9st fejeznek ki a cs\u00f6kkent stroke-kock\u00e1zat miatt, ami lehet\u0151v\u00e9 teszi sz\u00e1mukra, hogy magabiztosabban kezelj\u00e9k sz\u00edvbetegs\u00e9g\u00fcket. Az Eliquis kulcsfontoss\u00e1g\u00fa el\u0151nyt k\u00edn\u00e1l az\u00e1ltal, hogy nem ig\u00e9nyel gyakori v\u00e9rvizsg\u00e1latot, \u00edgy el\u0151ny\u00f6s v\u00e1laszt\u00e1s azok sz\u00e1m\u00e1ra, akik szeretn\u00e9k elker\u00fclni a warfarinnal kapcsolatos bonyolults\u00e1gokat.<\/p>\n<p>A betegek narrat\u00edv\u00e1i gyakran kiemelik az \u00e9letmin\u0151s\u00e9g javul\u00e1s\u00e1t, kevesebb megszak\u00edt\u00e1ssal. Az AF hat\u00e9kony kezel\u00e9s\u00e9nek k\u00e9pess\u00e9ge az \u00e1lland\u00f3 monitoroz\u00e1s terhe n\u00e9lk\u00fcl jelent\u0151s el\u0151nyt jelentett, ami jobb adherenci\u00e1t \u00e9s \u00f6sszess\u00e9g\u00e9ben jobb eg\u00e9szs\u00e9g\u00fcgyi eredm\u00e9nyeket eredm\u00e9nyezett.<\/p>\n<h2>Eliquis m\u00e9lyv\u00e9n\u00e1s tromb\u00f3zisra \u00e9s t\u00fcd\u0151emb\u00f3li\u00e1ra<\/h2>\n<p>A DVT-ben \u00e9s PE-ben szenved\u0151 betegek sz\u00e1m\u00e1ra az Eliquis fontos eszk\u00f6zz\u00e9 v\u00e1lt a tov\u00e1bbi sz\u00f6v\u0151dm\u00e9nyek megel\u0151z\u00e9s\u00e9ben. A betegek t\u00f6rt\u00e9netei gyakran eml\u00edtik az Eliquis mindennapi \u00e9letbe val\u00f3 integr\u00e1l\u00e1s\u00e1nak egyszer\u0171s\u00e9g\u00e9t, \u00e9tkez\u00e9si korl\u00e1toz\u00e1sok n\u00e9lk\u00fcl. Ez k\u00fcl\u00f6n\u00f6sen fontos azok sz\u00e1m\u00e1ra, akik megtapasztalt\u00e1k a kezeletlen v\u00e9rr\u00f6g\u00f6k \u00e9letvesz\u00e9lyes k\u00f6vetkezm\u00e9nyeit.<\/p>\n<p>Sok beteg biztons\u00e1g\u00e9rzet\u00e9r\u0151l besz\u00e9l, mert tudja, hogy az Eliquis hat\u00e9konyan cs\u00f6kkenti a visszat\u00e9r\u0151 v\u00e9rr\u00f6g\u00f6k kialakul\u00e1s\u00e1nak kock\u00e1zat\u00e1t. A gy\u00f3gyszer hat\u00e9konys\u00e1ga mind akut, mind hossz\u00fa t\u00e1v\u00fa esetekben megnyugv\u00e1st jelent, \u00e9s a kezel\u00e9si tervek sarokk\u00f6v\u00e9v\u00e9 v\u00e1lt az ilyen s\u00falyos \u00e1llapotokban \u00e9rintettek sz\u00e1m\u00e1ra.<\/p>\n<h2>Tippek a betegeknek az Eliquis biztons\u00e1gos szed\u00e9s\u00e9hez<\/h2>\n<p>Azok a betegek, akik sikert \u00e9rtek el az Eliquis-szal, gyakran osztanak meg gyakorlati tippeket a biztons\u00e1gos gy\u00f3gyszerkezel\u00e9shez. Ezek k\u00f6z\u00e9 tartozik a riaszt\u00e1sok vagy eml\u00e9keztet\u0151k be\u00e1ll\u00edt\u00e1sa annak biztos\u00edt\u00e1s\u00e1ra, hogy az adagok ne maradjanak ki, valamint a gy\u00f3gyszerek friss\u00edtett list\u00e1j\u00e1nak vezet\u00e9se a lehets\u00e9ges k\u00f6lcs\u00f6nhat\u00e1sok elker\u00fcl\u00e9se \u00e9rdek\u00e9ben. <\/p>\n<p>Ezenk\u00edv\u00fcl a betegek hangs\u00falyozz\u00e1k az eg\u00e9szs\u00e9g\u00fcgyi szolg\u00e1ltat\u00f3kkal val\u00f3 rendszeres konzult\u00e1ci\u00f3 fontoss\u00e1g\u00e1t az adagok m\u00f3dos\u00edt\u00e1sa vagy az agg\u00e1lyok azonnali kezel\u00e9se \u00e9rdek\u00e9ben. Az Eliquis biztons\u00e1gos \u00e9s hat\u00e9kony haszn\u00e1lat\u00e1nak kulcsfontoss\u00e1g\u00fa strat\u00e9gi\u00e1jak\u00e9nt gyakran eml\u00edtik az eg\u00e9szs\u00e9ggel kapcsolatos proakt\u00edv magatart\u00e1st \u00e9s az eg\u00e9szs\u00e9g\u00fcgyi szakemberekkel val\u00f3 nyitott kommunik\u00e1ci\u00f3t.<\/p>\n<h2>T\u00f6rt\u00e9netek az Eliquisre val\u00f3 \u00e1t\u00e1ll\u00e1sr\u00f3l m\u00e1s gy\u00f3gyszerekr\u0151l<\/h2>\n<p>Az Eliquis-re val\u00f3 \u00e1t\u00e1ll\u00e1s m\u00e1s antikoagul\u00e1nsokr\u00f3l jelent\u0151s v\u00e1ltoz\u00e1st jelenthet, \u00e9s a betegek t\u00f6rt\u00e9netei gyakran az alkalmazkod\u00e1s id\u0151szak\u00e1t t\u00fckr\u00f6zik. Sokan \u00edrj\u00e1k le a kezdeti f\u00e9lelmet a gy\u00f3gyszerv\u00e1lt\u00e1ssal kapcsolatban, de vigaszt tal\u00e1lnak az egyszer\u0171s\u00edtett kezel\u00e9si rendben \u00e9s az Eliquis-hez kapcsol\u00f3d\u00f3 monitoroz\u00e1si ig\u00e9nyek cs\u00f6kkent\u00e9s\u00e9ben.<\/p>\n<p>A betegek gyakran osztj\u00e1k, hogy az \u00e1t\u00e1ll\u00e1si folyamat g\u00f6rd\u00fcl\u00e9kenyebb a hozz\u00e1\u00e9rt\u0151 eg\u00e9szs\u00e9g\u00fcgyi szolg\u00e1ltat\u00f3k t\u00e1mogat\u00e1s\u00e1val, akik \u00fatmutat\u00e1st \u00e9s megnyugtat\u00e1st k\u00edn\u00e1lnak. Az \u00e1tmenetet gyakran pozit\u00edv l\u00e9p\u00e9sk\u00e9nt \u00edrj\u00e1k le, amely v\u00e9gs\u0151 soron jobb \u00e9letmin\u0151s\u00e9ghez \u00e9s \u00e1llapotuk jobb kezel\u00e9s\u00e9hez vezet.<\/p>\n<h2>Eg\u00e9szs\u00e9g\u00fcgyi szakemberek betekint\u00e9se az Eliquis-be<\/h2>\n<p>Az eg\u00e9szs\u00e9g\u00fcgyi szakemberek gyakran t\u00e1mogatj\u00e1k az Eliquist a kedvez\u0151 biztons\u00e1gi profil \u00e9s a k\u00f6nny\u0171 haszn\u00e1lhat\u00f3s\u00e1g miatt. Hangs\u00falyozz\u00e1k a pitvarfibrill\u00e1ci\u00f3ban szenved\u0151 betegek stroke kock\u00e1zat\u00e1nak cs\u00f6kkent\u00e9s\u00e9ben bet\u00f6lt\u00f6tt szerep\u00e9t, valamint a DVT \u00e9s a PE kezel\u00e9s\u00e9ben bet\u00f6lt\u00f6tt hat\u00e9konys\u00e1g\u00e1t. Sok szakember \u00e9rt\u00e9keli, hogy cs\u00f6kkent a rutinszer\u0171 monitoroz\u00e1s sz\u00fcks\u00e9gess\u00e9ge, ami k\u00f6nny\u00edti a betegek \u00e9s az eg\u00e9szs\u00e9g\u00fcgyi rendszerek terheit.<\/p>\n<p>A szakemberek hangs\u00falyozz\u00e1k az egy\u00e9nre szabott betegell\u00e1t\u00e1s fontoss\u00e1g\u00e1t is, biztos\u00edtva, hogy az Eliquis a beteg \u00e1ltal\u00e1nos eg\u00e9szs\u00e9gi \u00e1llapota \u00e9s \u00e9letm\u00f3dja alapj\u00e1n a megfelel\u0151 legyen. Megl\u00e1t\u00e1saik kulcsfontoss\u00e1g\u00faak annak a t\u00e1gabb kontextusnak a meg\u00e9rt\u00e9s\u00e9hez, amelyben az Eliquis m\u0171k\u00f6dik, \u00e9s tov\u00e1bb er\u0151s\u00edtik a betegek tapasztalatait.<\/p>\n<h2>Eliquis \u00e9s \u00e9letm\u00f3dbeli m\u00f3dos\u00edt\u00e1sok: A betegek v\u00e9lem\u00e9nye<\/h2>\n<p>Az Eliquis-t szed\u0151 betegek gyakran megbesz\u00e9lik az antikoagul\u00e1ns ter\u00e1pi\u00e1val egy\u00fctt j\u00e1r\u00f3 sz\u00fcks\u00e9ges \u00e9letm\u00f3d-m\u00f3dos\u00edt\u00e1sokat. Gyakran emlegetik a magas kock\u00e1zat\u00fa tev\u00e9kenys\u00e9gek elker\u00fcl\u00e9s\u00e9t \u00e9s a lehets\u00e9ges v\u00e9rz\u00e9si kock\u00e1zatok figyelembe v\u00e9tel\u00e9t. Sokan azonban \u00fagy tal\u00e1lj\u00e1k, hogy ezek a m\u00f3dos\u00edt\u00e1sok csek\u00e9lyek a hat\u00e9kony v\u00e9rr\u00f6g-megel\u0151z\u00e9s el\u0151nyeihez k\u00e9pest.<\/p>\n<p>A betegek gyakran hangoztatj\u00e1k, hogy az Eliquis-szel val\u00f3 egy\u00fctt\u00e9l\u00e9s id\u0151vel m\u00e1sodlagoss\u00e1 v\u00e1lik, z\u00f6kken\u0151mentesen integr\u00e1lva a gy\u00f3gyszert a napi rutinjukba. Ez az alkalmazkod\u00f3k\u00e9pess\u00e9g a gy\u00f3gyszer fel\u00e9p\u00edt\u00e9s\u00e9nek bizony\u00edt\u00e9ka, lehet\u0151v\u00e9 t\u00e9ve az egy\u00e9nek sz\u00e1m\u00e1ra, hogy akt\u00edv, teljes \u00e9letet \u00e9ljenek, mik\u00f6zben hat\u00e9konyan kezelik eg\u00e9szs\u00e9gi \u00e1llapotukat.<\/p>\n<h2>Az Eliquis-szal kapcsolatos aggodalmak kezel\u00e9se a betegt\u00f6rt\u00e9netekben<\/h2>\n<p>El\u0151nyei ellen\u00e9re egyes betegek aggodalmukat fejezik ki az Eliquis-szal kapcsolatban, k\u00fcl\u00f6n\u00f6sen a v\u00e9rz\u00e9s kock\u00e1zata \u00e9s a specifikus ellenszer hi\u00e1nya miatt a bevezet\u00e9skor. Az \u00fajabb fejleszt\u00e9sek azonban orvosolt\u00e1k ezeket az agg\u00e1lyokat a visszaford\u00edt\u00f3 szerek el\u00e9rhet\u0151s\u00e9g\u00e9vel.<\/p>\n<p>A betegek t\u00f6rt\u00e9netei gyakran kiegyens\u00falyozott perspekt\u00edv\u00e1t t\u00fckr\u00f6znek, elismerik a kezdeti f\u00e9lelmeket, de elismerik az Eliquis \u00e1ltal ny\u00fajtott \u00e1tfog\u00f3 el\u0151ny\u00f6ket is. Az eg\u00e9szs\u00e9g\u00fcgyi szolg\u00e1ltat\u00f3kkal folytatott ny\u00edlt megbesz\u00e9l\u00e9sek \u00e9s a k\u00f6zelm\u00faltbeli orvosi fejlem\u00e9nyekr\u0151l val\u00f3 t\u00e1j\u00e9koztat\u00e1s seg\u00edt enyh\u00edteni ezeket az aggodalmakat, lehet\u0151v\u00e9 t\u00e9ve a betegek sz\u00e1m\u00e1ra, hogy kezel\u00e9s\u00fck pozit\u00edv oldalaira \u00f6sszpontos\u00edtsanak.<\/p>\n<h2>Eliquis \u00e9s betegseg\u00edt\u0151 k\u00f6z\u00f6ss\u00e9gek<\/h2>\n<p>A t\u00e1mogat\u00f3 k\u00f6z\u00f6ss\u00e9gek l\u00e9tfontoss\u00e1g\u00fa szerepet j\u00e1tszanak abban, hogy seg\u00edtsenek a betegeknek eligazodni az Eliquis-ben. Ezek a k\u00f6z\u00f6ss\u00e9gek platformot k\u00edn\u00e1lnak a tapasztalatok megoszt\u00e1s\u00e1ra, a tan\u00e1csokra \u00e9s az \u00e9rzelmi t\u00e1mogat\u00e1sra. A betegek gyakran megnyugv\u00e1st tal\u00e1lnak abban, hogy kapcsolatba l\u00e9pnek m\u00e1sokkal, akik meg\u00e9rtik az \u00fatjukat, megnyugtat\u00e1st \u00e9s gyakorlati tippeket adva \u00e1llapotuk kezel\u00e9s\u00e9hez.<\/p>\n<p>Az ilyen h\u00e1l\u00f3zatok \u00e9rt\u00e9kes forr\u00e1sokk\u00e9nt szolg\u00e1lnak az Eliquis-szel kapcsolatos leg\u00fajabb kutat\u00e1sok \u00e9s fejleszt\u00e9sek naprak\u00e9szen tart\u00e1s\u00e1hoz, el\u0151seg\u00edtve a felhatalmaz\u00e1s \u00e9s a k\u00f6z\u00f6ss\u00e9g \u00e9rz\u00e9s\u00e9t a felhaszn\u00e1l\u00f3k k\u00f6z\u00f6tt. Az ezeken a csoportokon bel\u00fcli megosztott tapasztalatok r\u00e1vil\u00e1g\u00edtanak az Eliquis seg\u00edts\u00e9g\u00e9vel eg\u00e9szs\u00e9g\u00fcket \u00e1pol\u00f3k egy\u00fcttes erej\u00e9re \u00e9s rugalmass\u00e1g\u00e1ra.<\/p>\n<h2>Az Eliquis szerepe a megel\u0151z\u0151 ell\u00e1t\u00e1sban<\/h2>\n<p>A megel\u0151z\u0151 ell\u00e1t\u00e1sban az Eliquis kulcsfontoss\u00e1g\u00fa szerepet j\u00e1tszik a stroke \u00e9s m\u00e1s, v\u00e9rr\u00f6gh\u00f6z kapcsol\u00f3d\u00f3 sz\u00f6v\u0151dm\u00e9nyek kock\u00e1zat\u00e1nak cs\u00f6kkent\u00e9s\u00e9ben a vesz\u00e9lyeztetett popul\u00e1ci\u00f3kban. A prevenci\u00f3s strat\u00e9gi\u00e1kban bet\u00f6lt\u00f6tt szerep\u00e9t mind a betegek, mind az eg\u00e9szs\u00e9g\u00fcgyi szolg\u00e1ltat\u00f3k nagyra \u00e9rt\u00e9kelik, proakt\u00edv megk\u00f6zel\u00edt\u00e9st k\u00edn\u00e1lva a hossz\u00fa t\u00e1v\u00fa eg\u00e9szs\u00e9g kezel\u00e9s\u00e9ben.<\/p>\n<p>A betegek t\u00f6rt\u00e9netei gyakran t\u00fckr\u00f6zik a hat\u00e9kony megel\u0151z\u00e9sb\u0151l fakad\u00f3 lelki b\u00e9k\u00e9t, hangs\u00falyozva az Eliquis d\u00f6nt\u0151 szerep\u00e9t az eg\u00e9szs\u00e9g meg\u0151rz\u00e9s\u00e9ben \u00e9s a s\u00falyos k\u00f6vetkezm\u00e9nyek megel\u0151z\u00e9s\u00e9ben. A megel\u0151z\u0151 gondoz\u00e1si tervekbe val\u00f3 beilleszt\u00e9se al\u00e1h\u00fazza a modern orvosl\u00e1sban bet\u00f6lt\u00f6tt jelent\u0151s\u00e9g\u00e9t, rem\u00e9nyt adva a kevesebb sz\u00edv- \u00e9s \u00e9rrendszeri esem\u00e9nyekkel j\u00e1r\u00f3 j\u00f6v\u0151re.<\/p>\n<h2>Az Eliquis j\u00f6v\u0151beli fejleszt\u00e9sei \u00e9s t\u00fcrelmes rem\u00e9nyei<\/h2>\n<p>A j\u00f6v\u0151re tekintve a betegek optimizmusukat fejezik ki az Eliquis k\u00f6r\u00fcl zajl\u00f3 kutat\u00e1ssal \u00e9s fejleszt\u00e9ssel kapcsolatban. Sokan rem\u00e9nykednek a biztons\u00e1gi profilok folyamatos fejl\u0151d\u00e9s\u00e9ben, a t\u00f6bb visszaford\u00edt\u00e1si lehet\u0151s\u00e9gben \u00e9s a gy\u00f3gyszer sz\u00e9lesebb k\u00f6r\u0171 alkalmaz\u00e1s\u00e1ban. Az ilyen fejleszt\u00e9sek tov\u00e1bb jav\u00edthatj\u00e1k a felhaszn\u00e1l\u00f3k \u00e9letmin\u0151s\u00e9g\u00e9t, \u00e9s kiterjeszthetik az Eliquis szerep\u00e9t a k\u00fcl\u00f6nf\u00e9le betegs\u00e9gek kezel\u00e9s\u00e9ben.<\/p>\n<p>A betegek narrat\u00edv\u00e1i gyakran felfedik az antikoagul\u00e1ns ter\u00e1pia fejl\u0151d\u0151 t\u00e1ja ir\u00e1nti bizalom \u00e9rz\u00e9s\u00e9t, amelyben az Eliquis \u00e1ll ezekben a v\u00e1ltoz\u00e1sokban az \u00e9len. A j\u00f6v\u0151beli javul\u00e1s rem\u00e9nye nem csak a jobb gy\u00f3gyszerekben rejlik, hanem az Eliquis-re szorul\u00f3 \u00f6sszes beteg jobb \u00e9letmin\u0151s\u00e9g\u00e9ben \u00e9s eg\u00e9szs\u00e9gi \u00e1llapot\u00e1ban is.<\/p>\n","protected":false},"excerpt":{"rendered":"<p>Az Eliquis, egy sz\u00e9les k\u00f6rben haszn\u00e1lt v\u00e9ralvad\u00e1sg\u00e1tl\u00f3, sok beteg \u00e9let\u00e9ben kulcsszerepet j\u00e1tszott, \u00e9s betekint\u00e9st ny\u00fajt el\u0151nyeibe \u00e9s kih\u00edv\u00e1saiba a betegek t\u00f6rt\u00e9netein kereszt\u00fcl. Az Eliquis \u00e9s felhaszn\u00e1l\u00e1si ter\u00fcleteinek megismer\u00e9se Az Eliquis, m\u00e1s n\u00e9ven apixaban, els\u0151sorban v\u00e9ralvad\u00e1sg\u00e1tl\u00f3k\u00e9nt \u00edrj\u00e1k fel a v\u00e9rr\u00f6gk\u00e9pz\u0151d\u00e9s megel\u0151z\u00e9s\u00e9re. Nem sz\u00edvbillenty\u0171-probl\u00e9ma \u00e1ltal okozott pitvarfibrill\u00e1ci\u00f3ban (AF) szenved\u0151 betegekn\u00e9l, valamint m\u00e9lyv\u00e9n\u00e1s tromb\u00f3zis (DVT) \u00e9s t\u00fcd\u0151emb\u00f3lia (PE) [&hellip;]<\/p>\n","protected":false},"author":1,"featured_media":0,"comment_status":"open","ping_status":"open","sticky":false,"template":"","format":"standard","meta":{"footnotes":""},"categories":[12],"tags":[],"class_list":["post-213","post","type-post","status-publish","format-standard","hentry","category-v72jk6sba0"],"_links":{"self":[{"href":"https:\/\/peyazema.ir\/index.php?rest_route=\/wp\/v2\/posts\/213","targetHints":{"allow":["GET"]}}],"collection":[{"href":"https:\/\/peyazema.ir\/index.php?rest_route=\/wp\/v2\/posts"}],"about":[{"href":"https:\/\/peyazema.ir\/index.php?rest_route=\/wp\/v2\/types\/post"}],"author":[{"embeddable":true,"href":"https:\/\/peyazema.ir\/index.php?rest_route=\/wp\/v2\/users\/1"}],"replies":[{"embeddable":true,"href":"https:\/\/peyazema.ir\/index.php?rest_route=%2Fwp%2Fv2%2Fcomments&post=213"}],"version-history":[{"count":1,"href":"https:\/\/peyazema.ir\/index.php?rest_route=\/wp\/v2\/posts\/213\/revisions"}],"predecessor-version":[{"id":214,"href":"https:\/\/peyazema.ir\/index.php?rest_route=\/wp\/v2\/posts\/213\/revisions\/214"}],"wp:attachment":[{"href":"https:\/\/peyazema.ir\/index.php?rest_route=%2Fwp%2Fv2%2Fmedia&parent=213"}],"wp:term":[{"taxonomy":"category","embeddable":true,"href":"https:\/\/peyazema.ir\/index.php?rest_route=%2Fwp%2Fv2%2Fcategories&post=213"},{"taxonomy":"post_tag","embeddable":true,"href":"https:\/\/peyazema.ir\/index.php?rest_route=%2Fwp%2Fv2%2Ftags&post=213"}],"curies":[{"name":"wp","href":"https:\/\/api.w.org\/{rel}","templated":true}]}}